{"id":989,"date":"2022-08-17T09:57:35","date_gmt":"2022-08-17T07:57:35","guid":{"rendered":"https:\/\/www.yegi.ch\/?p=989"},"modified":"2023-02-17T11:23:39","modified_gmt":"2023-02-17T10:23:39","slug":"developpement-de-la-croissance-du-pied-chez-les-enfants-tout-depend-des-chaussures-portees","status":"publish","type":"post","link":"https:\/\/www.yegi.ch\/fr\/developpement-de-la-croissance-du-pied-chez-les-enfants-tout-depend-des-chaussures-portees\/","title":{"rendered":"D\u00e9veloppement de la croissance du pied chez les enfants &#8211; Tout d\u00e9pend des chaussures port\u00e9es"},"content":{"rendered":"<p><strong>La grande majorit\u00e9 des nourrissons (98%) naissent avec des pieds en bonne sant\u00e9. En r\u00e8gle g\u00e9n\u00e9rale, les d\u00e9formations l\u00e9g\u00e8res, telles que le fait d\u2019avoir le pied plat, sont inoffensives et ne n\u00e9cessitent pas de traitement. Le pied de l&rsquo;enfant n&rsquo;a pas besoin de semelles orthop\u00e9diques. Il est toutefois recommand\u00e9 que l\u2019enfant marche pieds nus sur un sol mou, et ce, le plus souvent possible.<\/strong><\/p>\n<p>Cependant, seuls 40 % des adultes ont des pieds en bonne sant\u00e9. Le manque d&rsquo;exercice physique est responsable de la baisse de sant\u00e9 de nos pieds dans la soci\u00e9t\u00e9 industrielle moderne. En outre, les tendances \u00e0 la mode en mati\u00e8re de conception de chaussures mettent encore plus en danger la sant\u00e9 de nos pieds. Les campagnes de pr\u00e9vention ont montr\u00e9 qu&rsquo;un enfant sur cinq souffre d\u2019escarre aux pieds, de mycoses sur les pieds ou les ongles. De plus, pas moins de 7 enfants sur 10 porteraient des chaussures inadapt\u00e9es.<\/p>\n<p>Une cause importante des probl\u00e8mes de pieds se cache donc dans les chaussures de tous les jours. Cela vaut pour toutes les classes d&rsquo;\u00e2ge, car nous for\u00e7ons nos pieds \u00e0 entrer dans des chaussures inadapt\u00e9es.\u00a0Aujourd&rsquo;hui, nous sommes 60 \u00e0 80 % en Europe centrale \u00e0 pr\u00e9senter des probl\u00e8mes aux pieds ! Malheureusement, les bases sont pos\u00e9es d\u00e8s l&rsquo;enfance.<\/p>\n<p>Chez les femmes, les bas \u00e9troits et les \u00ab talons hauts \u00bb peuvent provoquer des l\u00e9sions aux pieds, car le poids du corps doit \u00eatre absorb\u00e9 de mani\u00e8re non naturelle par la vo\u00fbte plantaire.<\/p>\n<p>Le surpoids peut \u00e9galement entra\u00eener des d\u00e9formations du pied. La peau r\u00e9agit souvent en formant davantage de couches corn\u00e9es, ce qui est positif \u00e0 court terme, mais peut entra\u00eener l\u2019apparition de crevasse douloureuses en cas de traitement inappropri\u00e9. Une pression permanente sur certaines zones provoque \u00e9galement l&rsquo;apparition de cors aux pieds.<\/p>\n<p>Des chaussures trop \u00e9troites, pointues ou dures sont susceptibles d\u2019augmenter le risque de mycose des pieds et des ongles. Les sympt\u00f4mes tels que zones rouges, suintements, d\u00e9mangeaisons et desquamation de la peau indiquent clairement l\u2019apparition d&rsquo;une mycose.<\/p>\n","protected":false},"excerpt":{"rendered":"<p>La grande majorit\u00e9 des nourrissons (98%) naissent avec des pieds en bonne sant\u00e9. En r\u00e8gle g\u00e9n\u00e9rale, les d\u00e9formations l\u00e9g\u00e8res, telles que le fait d\u2019avoir le pied plat, sont inoffensives et ne n\u00e9cessitent pas de traitement. Le pied de l&rsquo;enfant n&rsquo;a pas besoin de semelles orthop\u00e9diques. Il est toutefois recommand\u00e9 que l\u2019enfant marche pieds nus sur <a href=\"https:\/\/www.yegi.ch\/fr\/developpement-de-la-croissance-du-pied-chez-les-enfants-tout-depend-des-chaussures-portees\/\" class=\"more-link\">&#8230;<span class=\"screen-reader-text\">  D\u00e9veloppement de la croissance du pied chez les enfants &#8211; Tout d\u00e9pend des chaussures port\u00e9es<\/span><\/a><\/p>\n","protected":false},"author":1,"featured_media":0,"comment_status":"closed","ping_status":"closed","sticky":false,"template":"","format":"standard","meta":{"_acf_changed":false,"inline_featured_image":false,"footnotes":""},"categories":[5],"class_list":["post-989","post","type-post","status-publish","format-standard","hentry","category-soins-des-pieds"],"acf":[],"yoast_head":"<!-- This site is optimized with the Yoast SEO plugin v28.4 - https:\/\/yoast.com\/product\/yoast-seo-wordpress\/ -->\n<title>D\u00e9veloppement de la croissance du pied chez les enfants - Tout d\u00e9pend des chaussures port\u00e9es | YEGI<\/title>\n<meta name=\"description\" content=\"Avoir des pieds sains : cela commence d\u00e8s l&#039;enfance. Les chaussures sont l&#039;un des principaux d\u00e9clencheurs des probl\u00e8mes de pieds. YEGI aide \u00e0 lutter contre les probl\u00e8mes de pieds\" \/>\n<meta name=\"robots\" content=\"index, follow, max-snippet:-1, max-image-preview:large, max-video-preview:-1\" \/>\n<link rel=\"canonical\" href=\"https:\/\/www.yegi.ch\/fr\/developpement-de-la-croissance-du-pied-chez-les-enfants-tout-depend-des-chaussures-portees\/\" \/>\n<meta property=\"og:locale\" content=\"fr_FR\" \/>\n<meta property=\"og:type\" content=\"article\" \/>\n<meta property=\"og:title\" content=\"D\u00e9veloppement de la croissance du pied chez les enfants - Tout d\u00e9pend des chaussures port\u00e9es | YEGI\" \/>\n<meta property=\"og:description\" content=\"Avoir des pieds sains : cela commence d\u00e8s l&#039;enfance. Les chaussures sont l&#039;un des principaux d\u00e9clencheurs des probl\u00e8mes de pieds. YEGI aide \u00e0 lutter contre les probl\u00e8mes de pieds\" \/>\n<meta property=\"og:url\" content=\"https:\/\/www.yegi.ch\/fr\/developpement-de-la-croissance-du-pied-chez-les-enfants-tout-depend-des-chaussures-portees\/\" \/>\n<meta property=\"og:site_name\" content=\"YEGI\" \/>\n<meta property=\"article:publisher\" content=\"https:\/\/www.facebook.com\/yegi.fusspflege\" \/>\n<meta property=\"article:published_time\" content=\"2022-08-17T07:57:35+00:00\" \/>\n<meta property=\"article:modified_time\" content=\"2023-02-17T10:23:39+00:00\" \/>\n<meta name=\"author\" content=\"foxcom\" \/>\n<meta name=\"twitter:card\" content=\"summary_large_image\" \/>\n<meta name=\"twitter:label1\" content=\"\u00c9crit par\" \/>\n\t<meta name=\"twitter:data1\" content=\"foxcom\" \/>\n\t<meta name=\"twitter:label2\" content=\"Dur\u00e9e de lecture estim\u00e9e\" \/>\n\t<meta name=\"twitter:data2\" content=\"2 minutes\" \/>\n<script type=\"application\/ld+json\" class=\"yoast-schema-graph\">{\"@context\":\"https:\\\/\\\/schema.org\",\"@graph\":[{\"@type\":\"Article\",\"@id\":\"https:\\\/\\\/www.yegi.ch\\\/fr\\\/developpement-de-la-croissance-du-pied-chez-les-enfants-tout-depend-des-chaussures-portees\\\/#article\",\"isPartOf\":{\"@id\":\"https:\\\/\\\/www.yegi.ch\\\/fr\\\/developpement-de-la-croissance-du-pied-chez-les-enfants-tout-depend-des-chaussures-portees\\\/\"},\"author\":{\"name\":\"foxcom\",\"@id\":\"https:\\\/\\\/www.yegi.ch\\\/fr\\\/#\\\/schema\\\/person\\\/3e1b84ca392c91e476383462be9c9aeb\"},\"headline\":\"D\u00e9veloppement de la croissance du pied chez les enfants &#8211; Tout d\u00e9pend des chaussures port\u00e9es\",\"datePublished\":\"2022-08-17T07:57:35+00:00\",\"dateModified\":\"2023-02-17T10:23:39+00:00\",\"mainEntityOfPage\":{\"@id\":\"https:\\\/\\\/www.yegi.ch\\\/fr\\\/developpement-de-la-croissance-du-pied-chez-les-enfants-tout-depend-des-chaussures-portees\\\/\"},\"wordCount\":372,\"publisher\":{\"@id\":\"https:\\\/\\\/www.yegi.ch\\\/fr\\\/#organization\"},\"articleSection\":[\"Soins des pieds\"],\"inLanguage\":\"fr-FR\"},{\"@type\":\"WebPage\",\"@id\":\"https:\\\/\\\/www.yegi.ch\\\/fr\\\/developpement-de-la-croissance-du-pied-chez-les-enfants-tout-depend-des-chaussures-portees\\\/\",\"url\":\"https:\\\/\\\/www.yegi.ch\\\/fr\\\/developpement-de-la-croissance-du-pied-chez-les-enfants-tout-depend-des-chaussures-portees\\\/\",\"name\":\"D\u00e9veloppement de la croissance du pied chez les enfants - Tout d\u00e9pend des chaussures port\u00e9es | YEGI\",\"isPartOf\":{\"@id\":\"https:\\\/\\\/www.yegi.ch\\\/fr\\\/#website\"},\"datePublished\":\"2022-08-17T07:57:35+00:00\",\"dateModified\":\"2023-02-17T10:23:39+00:00\",\"description\":\"Avoir des pieds sains : cela commence d\u00e8s l'enfance. Les chaussures sont l'un des principaux d\u00e9clencheurs des probl\u00e8mes de pieds. YEGI aide \u00e0 lutter contre les probl\u00e8mes de pieds\",\"breadcrumb\":{\"@id\":\"https:\\\/\\\/www.yegi.ch\\\/fr\\\/developpement-de-la-croissance-du-pied-chez-les-enfants-tout-depend-des-chaussures-portees\\\/#breadcrumb\"},\"inLanguage\":\"fr-FR\",\"potentialAction\":[{\"@type\":\"ReadAction\",\"target\":[\"https:\\\/\\\/www.yegi.ch\\\/fr\\\/developpement-de-la-croissance-du-pied-chez-les-enfants-tout-depend-des-chaussures-portees\\\/\"]}]},{\"@type\":\"BreadcrumbList\",\"@id\":\"https:\\\/\\\/www.yegi.ch\\\/fr\\\/developpement-de-la-croissance-du-pied-chez-les-enfants-tout-depend-des-chaussures-portees\\\/#breadcrumb\",\"itemListElement\":[{\"@type\":\"ListItem\",\"position\":1,\"name\":\"Startseite\",\"item\":\"https:\\\/\\\/www.yegi.ch\\\/fr\\\/\"},{\"@type\":\"ListItem\",\"position\":2,\"name\":\"D\u00e9veloppement de la croissance du pied chez les enfants &#8211; Tout d\u00e9pend des chaussures port\u00e9es\"}]},{\"@type\":\"WebSite\",\"@id\":\"https:\\\/\\\/www.yegi.ch\\\/fr\\\/#website\",\"url\":\"https:\\\/\\\/www.yegi.ch\\\/fr\\\/\",\"name\":\"YEGI\",\"description\":\"\",\"publisher\":{\"@id\":\"https:\\\/\\\/www.yegi.ch\\\/fr\\\/#organization\"},\"potentialAction\":[{\"@type\":\"SearchAction\",\"target\":{\"@type\":\"EntryPoint\",\"urlTemplate\":\"https:\\\/\\\/www.yegi.ch\\\/fr\\\/?s={search_term_string}\"},\"query-input\":{\"@type\":\"PropertyValueSpecification\",\"valueRequired\":true,\"valueName\":\"search_term_string\"}}],\"inLanguage\":\"fr-FR\"},{\"@type\":\"Organization\",\"@id\":\"https:\\\/\\\/www.yegi.ch\\\/fr\\\/#organization\",\"name\":\"YEGI - Fusspflege mit Alpenkr\u00e4utern aus der Schweiz seit 1974\",\"url\":\"https:\\\/\\\/www.yegi.ch\\\/fr\\\/\",\"logo\":{\"@type\":\"ImageObject\",\"inLanguage\":\"fr-FR\",\"@id\":\"https:\\\/\\\/www.yegi.ch\\\/fr\\\/#\\\/schema\\\/logo\\\/image\\\/\",\"url\":\"https:\\\/\\\/www.yegi.ch\\\/wp-content\\\/uploads\\\/2022\\\/09\\\/flogo.svg\",\"contentUrl\":\"https:\\\/\\\/www.yegi.ch\\\/wp-content\\\/uploads\\\/2022\\\/09\\\/flogo.svg\",\"width\":113,\"height\":30,\"caption\":\"YEGI - Fusspflege mit Alpenkr\u00e4utern aus der Schweiz seit 1974\"},\"image\":{\"@id\":\"https:\\\/\\\/www.yegi.ch\\\/fr\\\/#\\\/schema\\\/logo\\\/image\\\/\"},\"sameAs\":[\"https:\\\/\\\/www.facebook.com\\\/yegi.fusspflege\"]},{\"@type\":\"Person\",\"@id\":\"https:\\\/\\\/www.yegi.ch\\\/fr\\\/#\\\/schema\\\/person\\\/3e1b84ca392c91e476383462be9c9aeb\",\"name\":\"foxcom\",\"sameAs\":[\"https:\\\/\\\/www.yegi.ch\"]}]}<\/script>\n<!-- \/ Yoast SEO plugin. -->","yoast_head_json":{"title":"D\u00e9veloppement de la croissance du pied chez les enfants - Tout d\u00e9pend des chaussures port\u00e9es | YEGI","description":"Avoir des pieds sains : cela commence d\u00e8s l'enfance. Les chaussures sont l'un des principaux d\u00e9clencheurs des probl\u00e8mes de pieds. YEGI aide \u00e0 lutter contre les probl\u00e8mes de pieds","robots":{"index":"index","follow":"follow","max-snippet":"max-snippet:-1","max-image-preview":"max-image-preview:large","max-video-preview":"max-video-preview:-1"},"canonical":"https:\/\/www.yegi.ch\/fr\/developpement-de-la-croissance-du-pied-chez-les-enfants-tout-depend-des-chaussures-portees\/","og_locale":"fr_FR","og_type":"article","og_title":"D\u00e9veloppement de la croissance du pied chez les enfants - Tout d\u00e9pend des chaussures port\u00e9es | YEGI","og_description":"Avoir des pieds sains : cela commence d\u00e8s l'enfance. Les chaussures sont l'un des principaux d\u00e9clencheurs des probl\u00e8mes de pieds. YEGI aide \u00e0 lutter contre les probl\u00e8mes de pieds","og_url":"https:\/\/www.yegi.ch\/fr\/developpement-de-la-croissance-du-pied-chez-les-enfants-tout-depend-des-chaussures-portees\/","og_site_name":"YEGI","article_publisher":"https:\/\/www.facebook.com\/yegi.fusspflege","article_published_time":"2022-08-17T07:57:35+00:00","article_modified_time":"2023-02-17T10:23:39+00:00","author":"foxcom","twitter_card":"summary_large_image","twitter_misc":{"\u00c9crit par":"foxcom","Dur\u00e9e de lecture estim\u00e9e":"2 minutes"},"schema":{"@context":"https:\/\/schema.org","@graph":[{"@type":"Article","@id":"https:\/\/www.yegi.ch\/fr\/developpement-de-la-croissance-du-pied-chez-les-enfants-tout-depend-des-chaussures-portees\/#article","isPartOf":{"@id":"https:\/\/www.yegi.ch\/fr\/developpement-de-la-croissance-du-pied-chez-les-enfants-tout-depend-des-chaussures-portees\/"},"author":{"name":"foxcom","@id":"https:\/\/www.yegi.ch\/fr\/#\/schema\/person\/3e1b84ca392c91e476383462be9c9aeb"},"headline":"D\u00e9veloppement de la croissance du pied chez les enfants &#8211; Tout d\u00e9pend des chaussures port\u00e9es","datePublished":"2022-08-17T07:57:35+00:00","dateModified":"2023-02-17T10:23:39+00:00","mainEntityOfPage":{"@id":"https:\/\/www.yegi.ch\/fr\/developpement-de-la-croissance-du-pied-chez-les-enfants-tout-depend-des-chaussures-portees\/"},"wordCount":372,"publisher":{"@id":"https:\/\/www.yegi.ch\/fr\/#organization"},"articleSection":["Soins des pieds"],"inLanguage":"fr-FR"},{"@type":"WebPage","@id":"https:\/\/www.yegi.ch\/fr\/developpement-de-la-croissance-du-pied-chez-les-enfants-tout-depend-des-chaussures-portees\/","url":"https:\/\/www.yegi.ch\/fr\/developpement-de-la-croissance-du-pied-chez-les-enfants-tout-depend-des-chaussures-portees\/","name":"D\u00e9veloppement de la croissance du pied chez les enfants - Tout d\u00e9pend des chaussures port\u00e9es | YEGI","isPartOf":{"@id":"https:\/\/www.yegi.ch\/fr\/#website"},"datePublished":"2022-08-17T07:57:35+00:00","dateModified":"2023-02-17T10:23:39+00:00","description":"Avoir des pieds sains : cela commence d\u00e8s l'enfance. Les chaussures sont l'un des principaux d\u00e9clencheurs des probl\u00e8mes de pieds. YEGI aide \u00e0 lutter contre les probl\u00e8mes de pieds","breadcrumb":{"@id":"https:\/\/www.yegi.ch\/fr\/developpement-de-la-croissance-du-pied-chez-les-enfants-tout-depend-des-chaussures-portees\/#breadcrumb"},"inLanguage":"fr-FR","potentialAction":[{"@type":"ReadAction","target":["https:\/\/www.yegi.ch\/fr\/developpement-de-la-croissance-du-pied-chez-les-enfants-tout-depend-des-chaussures-portees\/"]}]},{"@type":"BreadcrumbList","@id":"https:\/\/www.yegi.ch\/fr\/developpement-de-la-croissance-du-pied-chez-les-enfants-tout-depend-des-chaussures-portees\/#breadcrumb","itemListElement":[{"@type":"ListItem","position":1,"name":"Startseite","item":"https:\/\/www.yegi.ch\/fr\/"},{"@type":"ListItem","position":2,"name":"D\u00e9veloppement de la croissance du pied chez les enfants &#8211; Tout d\u00e9pend des chaussures port\u00e9es"}]},{"@type":"WebSite","@id":"https:\/\/www.yegi.ch\/fr\/#website","url":"https:\/\/www.yegi.ch\/fr\/","name":"YEGI","description":"","publisher":{"@id":"https:\/\/www.yegi.ch\/fr\/#organization"},"potentialAction":[{"@type":"SearchAction","target":{"@type":"EntryPoint","urlTemplate":"https:\/\/www.yegi.ch\/fr\/?s={search_term_string}"},"query-input":{"@type":"PropertyValueSpecification","valueRequired":true,"valueName":"search_term_string"}}],"inLanguage":"fr-FR"},{"@type":"Organization","@id":"https:\/\/www.yegi.ch\/fr\/#organization","name":"YEGI - Fusspflege mit Alpenkr\u00e4utern aus der Schweiz seit 1974","url":"https:\/\/www.yegi.ch\/fr\/","logo":{"@type":"ImageObject","inLanguage":"fr-FR","@id":"https:\/\/www.yegi.ch\/fr\/#\/schema\/logo\/image\/","url":"https:\/\/www.yegi.ch\/wp-content\/uploads\/2022\/09\/flogo.svg","contentUrl":"https:\/\/www.yegi.ch\/wp-content\/uploads\/2022\/09\/flogo.svg","width":113,"height":30,"caption":"YEGI - Fusspflege mit Alpenkr\u00e4utern aus der Schweiz seit 1974"},"image":{"@id":"https:\/\/www.yegi.ch\/fr\/#\/schema\/logo\/image\/"},"sameAs":["https:\/\/www.facebook.com\/yegi.fusspflege"]},{"@type":"Person","@id":"https:\/\/www.yegi.ch\/fr\/#\/schema\/person\/3e1b84ca392c91e476383462be9c9aeb","name":"foxcom","sameAs":["https:\/\/www.yegi.ch"]}]}},"_links":{"self":[{"href":"https:\/\/www.yegi.ch\/fr\/wp-json\/wp\/v2\/posts\/989","targetHints":{"allow":["GET"]}}],"collection":[{"href":"https:\/\/www.yegi.ch\/fr\/wp-json\/wp\/v2\/posts"}],"about":[{"href":"https:\/\/www.yegi.ch\/fr\/wp-json\/wp\/v2\/types\/post"}],"author":[{"embeddable":true,"href":"https:\/\/www.yegi.ch\/fr\/wp-json\/wp\/v2\/users\/1"}],"replies":[{"embeddable":true,"href":"https:\/\/www.yegi.ch\/fr\/wp-json\/wp\/v2\/comments?post=989"}],"version-history":[{"count":2,"href":"https:\/\/www.yegi.ch\/fr\/wp-json\/wp\/v2\/posts\/989\/revisions"}],"predecessor-version":[{"id":1003,"href":"https:\/\/www.yegi.ch\/fr\/wp-json\/wp\/v2\/posts\/989\/revisions\/1003"}],"wp:attachment":[{"href":"https:\/\/www.yegi.ch\/fr\/wp-json\/wp\/v2\/media?parent=989"}],"wp:term":[{"taxonomy":"category","embeddable":true,"href":"https:\/\/www.yegi.ch\/fr\/wp-json\/wp\/v2\/categories?post=989"}],"curies":[{"name":"wp","href":"https:\/\/api.w.org\/{rel}","templated":true}]}}