{"id":988,"date":"2022-08-17T09:57:04","date_gmt":"2022-08-17T07:57:04","guid":{"rendered":"https:\/\/www.yegi.ch\/?p=988"},"modified":"2023-02-17T11:23:33","modified_gmt":"2023-02-17T10:23:33","slug":"conseils-porte-une-attention-particuliere-a-tes-chaussures","status":"publish","type":"post","link":"https:\/\/www.yegi.ch\/fr\/conseils-porte-une-attention-particuliere-a-tes-chaussures\/","title":{"rendered":"Conseils : Porte une attention particuli\u00e8re \u00e0 tes chaussures"},"content":{"rendered":"<ul>\n<li><strong>Les chaussures doivent \u00eatre confortables, c&rsquo;est-\u00e0-dire larges \u00e0 l&rsquo;avant et \u00e0 talon plat.<\/strong><\/li>\n<li><strong>Le mat\u00e9riau est l\u00e9ger et respirant<\/strong><\/li>\n<li><strong>Les chaussures sont chang\u00e9es plusieurs fois par jour<\/strong><\/li>\n<li><strong>Marche souvent pieds nus<\/strong><\/li>\n<li><strong>Entra\u00eene tes pieds, utilise tes orteils comme organe de pr\u00e9hension en jouant, mets-toi r\u00e9guli\u00e8rement sur la pointe des pieds.<\/strong><\/li>\n<\/ul>\n<p>Il convient de contr\u00f4ler la pointure des chaussures pour enfants tous les trois mois. Comme les pieds des enfants grandissent rapidement et par \u00e0-coups, il s\u2019av\u00e8re tout \u00e0 fait possible que la pointure passe \u00e0 trois tailles par an. Les chaussures trop grandes ou us\u00e9es ne sont pas du tout recommand\u00e9es.<\/p>\n<p>Investir dans des chaussures neuves et bien adapt\u00e9es se r\u00e9v\u00e8le essentiel pour l&rsquo;avenir de pieds sains. Dans la mesure du possible, ach\u00e8te de nouvelles chaussures l&rsquo;apr\u00e8s-midi, les pieds pouvant se dilater jusqu&rsquo;\u00e0 4 millim\u00e8tres en cours de journ\u00e9e.<\/p>\n","protected":false},"excerpt":{"rendered":"<p>Les chaussures doivent \u00eatre confortables, c&rsquo;est-\u00e0-dire larges \u00e0 l&rsquo;avant et \u00e0 talon plat. Le mat\u00e9riau est l\u00e9ger et respirant Les chaussures sont chang\u00e9es plusieurs fois par jour Marche souvent pieds nus Entra\u00eene tes pieds, utilise tes orteils comme organe de pr\u00e9hension en jouant, mets-toi r\u00e9guli\u00e8rement sur la pointe des pieds. Il convient de contr\u00f4ler la <a href=\"https:\/\/www.yegi.ch\/fr\/conseils-porte-une-attention-particuliere-a-tes-chaussures\/\" class=\"more-link\">&#8230;<span class=\"screen-reader-text\">  Conseils : Porte une attention particuli\u00e8re \u00e0 tes chaussures<\/span><\/a><\/p>\n","protected":false},"author":1,"featured_media":0,"comment_status":"closed","ping_status":"closed","sticky":false,"template":"","format":"standard","meta":{"_acf_changed":false,"inline_featured_image":false,"footnotes":""},"categories":[5],"class_list":["post-988","post","type-post","status-publish","format-standard","hentry","category-soins-des-pieds"],"acf":[],"yoast_head":"<!-- This site is optimized with the Yoast SEO plugin v28.4 - https:\/\/yoast.com\/product\/yoast-seo-wordpress\/ -->\n<title>Conseils : Porte une attention particuli\u00e8re \u00e0 tes chaussures | YEGI<\/title>\n<meta name=\"description\" content=\"Les chaussures se r\u00e9v\u00e8lent essentielles pour pr\u00e9server la sant\u00e9 des pieds, surtout chez les enfants. Un conseil prodigu\u00e9 par YEGI, le sp\u00e9cialiste suisse du soin des pieds.\" \/>\n<meta name=\"robots\" content=\"index, follow, max-snippet:-1, max-image-preview:large, max-video-preview:-1\" \/>\n<link rel=\"canonical\" href=\"https:\/\/www.yegi.ch\/fr\/conseils-porte-une-attention-particuliere-a-tes-chaussures\/\" \/>\n<meta property=\"og:locale\" content=\"fr_FR\" \/>\n<meta property=\"og:type\" content=\"article\" \/>\n<meta property=\"og:title\" content=\"Conseils : Porte une attention particuli\u00e8re \u00e0 tes chaussures | YEGI\" \/>\n<meta property=\"og:description\" content=\"Les chaussures se r\u00e9v\u00e8lent essentielles pour pr\u00e9server la sant\u00e9 des pieds, surtout chez les enfants. Un conseil prodigu\u00e9 par YEGI, le sp\u00e9cialiste suisse du soin des pieds.\" \/>\n<meta property=\"og:url\" content=\"https:\/\/www.yegi.ch\/fr\/conseils-porte-une-attention-particuliere-a-tes-chaussures\/\" \/>\n<meta property=\"og:site_name\" content=\"YEGI\" \/>\n<meta property=\"article:publisher\" content=\"https:\/\/www.facebook.com\/yegi.fusspflege\" \/>\n<meta property=\"article:published_time\" content=\"2022-08-17T07:57:04+00:00\" \/>\n<meta property=\"article:modified_time\" content=\"2023-02-17T10:23:33+00:00\" \/>\n<meta name=\"author\" content=\"foxcom\" \/>\n<meta name=\"twitter:card\" content=\"summary_large_image\" \/>\n<meta name=\"twitter:label1\" content=\"\u00c9crit par\" \/>\n\t<meta name=\"twitter:data1\" content=\"foxcom\" \/>\n\t<meta name=\"twitter:label2\" content=\"Dur\u00e9e de lecture estim\u00e9e\" \/>\n\t<meta name=\"twitter:data2\" content=\"1 minute\" \/>\n<script type=\"application\/ld+json\" class=\"yoast-schema-graph\">{\"@context\":\"https:\\\/\\\/schema.org\",\"@graph\":[{\"@type\":\"Article\",\"@id\":\"https:\\\/\\\/www.yegi.ch\\\/fr\\\/conseils-porte-une-attention-particuliere-a-tes-chaussures\\\/#article\",\"isPartOf\":{\"@id\":\"https:\\\/\\\/www.yegi.ch\\\/fr\\\/conseils-porte-une-attention-particuliere-a-tes-chaussures\\\/\"},\"author\":{\"name\":\"foxcom\",\"@id\":\"https:\\\/\\\/www.yegi.ch\\\/fr\\\/#\\\/schema\\\/person\\\/3e1b84ca392c91e476383462be9c9aeb\"},\"headline\":\"Conseils : Porte une attention particuli\u00e8re \u00e0 tes chaussures\",\"datePublished\":\"2022-08-17T07:57:04+00:00\",\"dateModified\":\"2023-02-17T10:23:33+00:00\",\"mainEntityOfPage\":{\"@id\":\"https:\\\/\\\/www.yegi.ch\\\/fr\\\/conseils-porte-une-attention-particuliere-a-tes-chaussures\\\/\"},\"wordCount\":162,\"publisher\":{\"@id\":\"https:\\\/\\\/www.yegi.ch\\\/fr\\\/#organization\"},\"articleSection\":[\"Soins des pieds\"],\"inLanguage\":\"fr-FR\"},{\"@type\":\"WebPage\",\"@id\":\"https:\\\/\\\/www.yegi.ch\\\/fr\\\/conseils-porte-une-attention-particuliere-a-tes-chaussures\\\/\",\"url\":\"https:\\\/\\\/www.yegi.ch\\\/fr\\\/conseils-porte-une-attention-particuliere-a-tes-chaussures\\\/\",\"name\":\"Conseils : Porte une attention particuli\u00e8re \u00e0 tes chaussures | YEGI\",\"isPartOf\":{\"@id\":\"https:\\\/\\\/www.yegi.ch\\\/fr\\\/#website\"},\"datePublished\":\"2022-08-17T07:57:04+00:00\",\"dateModified\":\"2023-02-17T10:23:33+00:00\",\"description\":\"Les chaussures se r\u00e9v\u00e8lent essentielles pour pr\u00e9server la sant\u00e9 des pieds, surtout chez les enfants. Un conseil prodigu\u00e9 par YEGI, le sp\u00e9cialiste suisse du soin des pieds.\",\"breadcrumb\":{\"@id\":\"https:\\\/\\\/www.yegi.ch\\\/fr\\\/conseils-porte-une-attention-particuliere-a-tes-chaussures\\\/#breadcrumb\"},\"inLanguage\":\"fr-FR\",\"potentialAction\":[{\"@type\":\"ReadAction\",\"target\":[\"https:\\\/\\\/www.yegi.ch\\\/fr\\\/conseils-porte-une-attention-particuliere-a-tes-chaussures\\\/\"]}]},{\"@type\":\"BreadcrumbList\",\"@id\":\"https:\\\/\\\/www.yegi.ch\\\/fr\\\/conseils-porte-une-attention-particuliere-a-tes-chaussures\\\/#breadcrumb\",\"itemListElement\":[{\"@type\":\"ListItem\",\"position\":1,\"name\":\"Startseite\",\"item\":\"https:\\\/\\\/www.yegi.ch\\\/fr\\\/\"},{\"@type\":\"ListItem\",\"position\":2,\"name\":\"Conseils : Porte une attention particuli\u00e8re \u00e0 tes chaussures\"}]},{\"@type\":\"WebSite\",\"@id\":\"https:\\\/\\\/www.yegi.ch\\\/fr\\\/#website\",\"url\":\"https:\\\/\\\/www.yegi.ch\\\/fr\\\/\",\"name\":\"YEGI\",\"description\":\"\",\"publisher\":{\"@id\":\"https:\\\/\\\/www.yegi.ch\\\/fr\\\/#organization\"},\"potentialAction\":[{\"@type\":\"SearchAction\",\"target\":{\"@type\":\"EntryPoint\",\"urlTemplate\":\"https:\\\/\\\/www.yegi.ch\\\/fr\\\/?s={search_term_string}\"},\"query-input\":{\"@type\":\"PropertyValueSpecification\",\"valueRequired\":true,\"valueName\":\"search_term_string\"}}],\"inLanguage\":\"fr-FR\"},{\"@type\":\"Organization\",\"@id\":\"https:\\\/\\\/www.yegi.ch\\\/fr\\\/#organization\",\"name\":\"YEGI - Fusspflege mit Alpenkr\u00e4utern aus der Schweiz seit 1974\",\"url\":\"https:\\\/\\\/www.yegi.ch\\\/fr\\\/\",\"logo\":{\"@type\":\"ImageObject\",\"inLanguage\":\"fr-FR\",\"@id\":\"https:\\\/\\\/www.yegi.ch\\\/fr\\\/#\\\/schema\\\/logo\\\/image\\\/\",\"url\":\"https:\\\/\\\/www.yegi.ch\\\/wp-content\\\/uploads\\\/2022\\\/09\\\/flogo.svg\",\"contentUrl\":\"https:\\\/\\\/www.yegi.ch\\\/wp-content\\\/uploads\\\/2022\\\/09\\\/flogo.svg\",\"width\":113,\"height\":30,\"caption\":\"YEGI - Fusspflege mit Alpenkr\u00e4utern aus der Schweiz seit 1974\"},\"image\":{\"@id\":\"https:\\\/\\\/www.yegi.ch\\\/fr\\\/#\\\/schema\\\/logo\\\/image\\\/\"},\"sameAs\":[\"https:\\\/\\\/www.facebook.com\\\/yegi.fusspflege\"]},{\"@type\":\"Person\",\"@id\":\"https:\\\/\\\/www.yegi.ch\\\/fr\\\/#\\\/schema\\\/person\\\/3e1b84ca392c91e476383462be9c9aeb\",\"name\":\"foxcom\",\"sameAs\":[\"https:\\\/\\\/www.yegi.ch\"]}]}<\/script>\n<!-- \/ Yoast SEO plugin. -->","yoast_head_json":{"title":"Conseils : Porte une attention particuli\u00e8re \u00e0 tes chaussures | YEGI","description":"Les chaussures se r\u00e9v\u00e8lent essentielles pour pr\u00e9server la sant\u00e9 des pieds, surtout chez les enfants. Un conseil prodigu\u00e9 par YEGI, le sp\u00e9cialiste suisse du soin des pieds.","robots":{"index":"index","follow":"follow","max-snippet":"max-snippet:-1","max-image-preview":"max-image-preview:large","max-video-preview":"max-video-preview:-1"},"canonical":"https:\/\/www.yegi.ch\/fr\/conseils-porte-une-attention-particuliere-a-tes-chaussures\/","og_locale":"fr_FR","og_type":"article","og_title":"Conseils : Porte une attention particuli\u00e8re \u00e0 tes chaussures | YEGI","og_description":"Les chaussures se r\u00e9v\u00e8lent essentielles pour pr\u00e9server la sant\u00e9 des pieds, surtout chez les enfants. Un conseil prodigu\u00e9 par YEGI, le sp\u00e9cialiste suisse du soin des pieds.","og_url":"https:\/\/www.yegi.ch\/fr\/conseils-porte-une-attention-particuliere-a-tes-chaussures\/","og_site_name":"YEGI","article_publisher":"https:\/\/www.facebook.com\/yegi.fusspflege","article_published_time":"2022-08-17T07:57:04+00:00","article_modified_time":"2023-02-17T10:23:33+00:00","author":"foxcom","twitter_card":"summary_large_image","twitter_misc":{"\u00c9crit par":"foxcom","Dur\u00e9e de lecture estim\u00e9e":"1 minute"},"schema":{"@context":"https:\/\/schema.org","@graph":[{"@type":"Article","@id":"https:\/\/www.yegi.ch\/fr\/conseils-porte-une-attention-particuliere-a-tes-chaussures\/#article","isPartOf":{"@id":"https:\/\/www.yegi.ch\/fr\/conseils-porte-une-attention-particuliere-a-tes-chaussures\/"},"author":{"name":"foxcom","@id":"https:\/\/www.yegi.ch\/fr\/#\/schema\/person\/3e1b84ca392c91e476383462be9c9aeb"},"headline":"Conseils : Porte une attention particuli\u00e8re \u00e0 tes chaussures","datePublished":"2022-08-17T07:57:04+00:00","dateModified":"2023-02-17T10:23:33+00:00","mainEntityOfPage":{"@id":"https:\/\/www.yegi.ch\/fr\/conseils-porte-une-attention-particuliere-a-tes-chaussures\/"},"wordCount":162,"publisher":{"@id":"https:\/\/www.yegi.ch\/fr\/#organization"},"articleSection":["Soins des pieds"],"inLanguage":"fr-FR"},{"@type":"WebPage","@id":"https:\/\/www.yegi.ch\/fr\/conseils-porte-une-attention-particuliere-a-tes-chaussures\/","url":"https:\/\/www.yegi.ch\/fr\/conseils-porte-une-attention-particuliere-a-tes-chaussures\/","name":"Conseils : Porte une attention particuli\u00e8re \u00e0 tes chaussures | YEGI","isPartOf":{"@id":"https:\/\/www.yegi.ch\/fr\/#website"},"datePublished":"2022-08-17T07:57:04+00:00","dateModified":"2023-02-17T10:23:33+00:00","description":"Les chaussures se r\u00e9v\u00e8lent essentielles pour pr\u00e9server la sant\u00e9 des pieds, surtout chez les enfants. Un conseil prodigu\u00e9 par YEGI, le sp\u00e9cialiste suisse du soin des pieds.","breadcrumb":{"@id":"https:\/\/www.yegi.ch\/fr\/conseils-porte-une-attention-particuliere-a-tes-chaussures\/#breadcrumb"},"inLanguage":"fr-FR","potentialAction":[{"@type":"ReadAction","target":["https:\/\/www.yegi.ch\/fr\/conseils-porte-une-attention-particuliere-a-tes-chaussures\/"]}]},{"@type":"BreadcrumbList","@id":"https:\/\/www.yegi.ch\/fr\/conseils-porte-une-attention-particuliere-a-tes-chaussures\/#breadcrumb","itemListElement":[{"@type":"ListItem","position":1,"name":"Startseite","item":"https:\/\/www.yegi.ch\/fr\/"},{"@type":"ListItem","position":2,"name":"Conseils : Porte une attention particuli\u00e8re \u00e0 tes chaussures"}]},{"@type":"WebSite","@id":"https:\/\/www.yegi.ch\/fr\/#website","url":"https:\/\/www.yegi.ch\/fr\/","name":"YEGI","description":"","publisher":{"@id":"https:\/\/www.yegi.ch\/fr\/#organization"},"potentialAction":[{"@type":"SearchAction","target":{"@type":"EntryPoint","urlTemplate":"https:\/\/www.yegi.ch\/fr\/?s={search_term_string}"},"query-input":{"@type":"PropertyValueSpecification","valueRequired":true,"valueName":"search_term_string"}}],"inLanguage":"fr-FR"},{"@type":"Organization","@id":"https:\/\/www.yegi.ch\/fr\/#organization","name":"YEGI - Fusspflege mit Alpenkr\u00e4utern aus der Schweiz seit 1974","url":"https:\/\/www.yegi.ch\/fr\/","logo":{"@type":"ImageObject","inLanguage":"fr-FR","@id":"https:\/\/www.yegi.ch\/fr\/#\/schema\/logo\/image\/","url":"https:\/\/www.yegi.ch\/wp-content\/uploads\/2022\/09\/flogo.svg","contentUrl":"https:\/\/www.yegi.ch\/wp-content\/uploads\/2022\/09\/flogo.svg","width":113,"height":30,"caption":"YEGI - Fusspflege mit Alpenkr\u00e4utern aus der Schweiz seit 1974"},"image":{"@id":"https:\/\/www.yegi.ch\/fr\/#\/schema\/logo\/image\/"},"sameAs":["https:\/\/www.facebook.com\/yegi.fusspflege"]},{"@type":"Person","@id":"https:\/\/www.yegi.ch\/fr\/#\/schema\/person\/3e1b84ca392c91e476383462be9c9aeb","name":"foxcom","sameAs":["https:\/\/www.yegi.ch"]}]}},"_links":{"self":[{"href":"https:\/\/www.yegi.ch\/fr\/wp-json\/wp\/v2\/posts\/988","targetHints":{"allow":["GET"]}}],"collection":[{"href":"https:\/\/www.yegi.ch\/fr\/wp-json\/wp\/v2\/posts"}],"about":[{"href":"https:\/\/www.yegi.ch\/fr\/wp-json\/wp\/v2\/types\/post"}],"author":[{"embeddable":true,"href":"https:\/\/www.yegi.ch\/fr\/wp-json\/wp\/v2\/users\/1"}],"replies":[{"embeddable":true,"href":"https:\/\/www.yegi.ch\/fr\/wp-json\/wp\/v2\/comments?post=988"}],"version-history":[{"count":1,"href":"https:\/\/www.yegi.ch\/fr\/wp-json\/wp\/v2\/posts\/988\/revisions"}],"predecessor-version":[{"id":1002,"href":"https:\/\/www.yegi.ch\/fr\/wp-json\/wp\/v2\/posts\/988\/revisions\/1002"}],"wp:attachment":[{"href":"https:\/\/www.yegi.ch\/fr\/wp-json\/wp\/v2\/media?parent=988"}],"wp:term":[{"taxonomy":"category","embeddable":true,"href":"https:\/\/www.yegi.ch\/fr\/wp-json\/wp\/v2\/categories?post=988"}],"curies":[{"name":"wp","href":"https:\/\/api.w.org\/{rel}","templated":true}]}}