{"id":984,"date":"2022-08-17T09:53:08","date_gmt":"2022-08-17T07:53:08","guid":{"rendered":"https:\/\/www.yegi.ch\/?p=984"},"modified":"2023-02-17T11:23:51","modified_gmt":"2023-02-17T10:23:51","slug":"prendre-soin-de-nos-pieds","status":"publish","type":"post","link":"https:\/\/www.yegi.ch\/fr\/prendre-soin-de-nos-pieds\/","title":{"rendered":"Prendre soin de nos pieds"},"content":{"rendered":"<p><strong>Nous entretenons une relation ambigu\u00eb avec nos pieds. Malgr\u00e9 la grande importance de ces parties du corps, nous ne leur accordons souvent que trop peu d&rsquo;attention .<\/strong><\/p>\n<p>Les expressions telles que \u00ab avoir les deux pieds sur terre \u00bb ou \u00ab mettre sur un pi\u00e9destal \u00bb d\u00e9montrent pourtant clairement la valeur r\u00e9elle de nos pieds.<\/p>\n<p>Nous prenons malheureusement conscience de nos pieds souvent que lorsque, faute de soins r\u00e9guliers, les premiers probl\u00e8mes apparaissent. Les pieds doivent tout simplement fonctionner, et figurent clairement en queue de liste des priorit\u00e9s en mati\u00e8re de soins corporels.<\/p>\n<h2>L&rsquo;\u00e9volution de l&rsquo;homme &#8211; Les pieds occupent la premi\u00e8re place<\/h2>\n<p>En y regardant de plus pr\u00e8s, le passage de la marche quadrup\u00e8de \u00e0 la marche verticale a entra\u00een\u00e9 la transformation de pratiquement toute la structure du corps humain.<\/p>\n<p>Le pied a d\u00fb acqu\u00e9rir de nouvelles caract\u00e9ristiques qui lui permettent, outre une grande r\u00e9sistance, une mobilit\u00e9 suffisante. En effet, les pieds \u00e9taient d\u00e9sormais appel\u00e9s \u00e0 supporter tout le poids du corps de l&rsquo;homme et \u00e0 le faire avancer tout au long de sa vie.<\/p>\n","protected":false},"excerpt":{"rendered":"<p>Nous entretenons une relation ambigu\u00eb avec nos pieds. Malgr\u00e9 la grande importance de ces parties du corps, nous ne leur accordons souvent que trop peu d&rsquo;attention . Les expressions telles que \u00ab avoir les deux pieds sur terre \u00bb ou \u00ab mettre sur un pi\u00e9destal \u00bb d\u00e9montrent pourtant clairement la valeur r\u00e9elle de nos pieds. <a href=\"https:\/\/www.yegi.ch\/fr\/prendre-soin-de-nos-pieds\/\" class=\"more-link\">&#8230;<span class=\"screen-reader-text\">  Prendre soin de nos pieds<\/span><\/a><\/p>\n","protected":false},"author":1,"featured_media":0,"comment_status":"closed","ping_status":"closed","sticky":false,"template":"","format":"standard","meta":{"_acf_changed":false,"inline_featured_image":false,"footnotes":""},"categories":[5],"class_list":["post-984","post","type-post","status-publish","format-standard","hentry","category-soins-des-pieds"],"acf":[],"yoast_head":"<!-- This site is optimized with the Yoast SEO plugin v28.4 - https:\/\/yoast.com\/product\/yoast-seo-wordpress\/ -->\n<title>Prendre soin de nos pieds | YEGI<\/title>\n<meta name=\"description\" content=\"La sant\u00e9 des pieds est malheureusement trop peu mise en avant. Les produits de soins des pieds YEGI permettent \u00e0 tes pieds de rester en bonne sant\u00e9.\" \/>\n<meta name=\"robots\" content=\"index, follow, max-snippet:-1, max-image-preview:large, max-video-preview:-1\" \/>\n<link rel=\"canonical\" href=\"https:\/\/www.yegi.ch\/fr\/prendre-soin-de-nos-pieds\/\" \/>\n<meta property=\"og:locale\" content=\"fr_FR\" \/>\n<meta property=\"og:type\" content=\"article\" \/>\n<meta property=\"og:title\" content=\"Prendre soin de nos pieds | YEGI\" \/>\n<meta property=\"og:description\" content=\"La sant\u00e9 des pieds est malheureusement trop peu mise en avant. Les produits de soins des pieds YEGI permettent \u00e0 tes pieds de rester en bonne sant\u00e9.\" \/>\n<meta property=\"og:url\" content=\"https:\/\/www.yegi.ch\/fr\/prendre-soin-de-nos-pieds\/\" \/>\n<meta property=\"og:site_name\" content=\"YEGI\" \/>\n<meta property=\"article:publisher\" content=\"https:\/\/www.facebook.com\/yegi.fusspflege\" \/>\n<meta property=\"article:published_time\" content=\"2022-08-17T07:53:08+00:00\" \/>\n<meta property=\"article:modified_time\" content=\"2023-02-17T10:23:51+00:00\" \/>\n<meta name=\"author\" content=\"foxcom\" \/>\n<meta name=\"twitter:card\" content=\"summary_large_image\" \/>\n<meta name=\"twitter:label1\" content=\"\u00c9crit par\" \/>\n\t<meta name=\"twitter:data1\" content=\"foxcom\" \/>\n\t<meta name=\"twitter:label2\" content=\"Dur\u00e9e de lecture estim\u00e9e\" \/>\n\t<meta name=\"twitter:data2\" content=\"1 minute\" \/>\n<script type=\"application\/ld+json\" class=\"yoast-schema-graph\">{\"@context\":\"https:\\\/\\\/schema.org\",\"@graph\":[{\"@type\":\"Article\",\"@id\":\"https:\\\/\\\/www.yegi.ch\\\/fr\\\/prendre-soin-de-nos-pieds\\\/#article\",\"isPartOf\":{\"@id\":\"https:\\\/\\\/www.yegi.ch\\\/fr\\\/prendre-soin-de-nos-pieds\\\/\"},\"author\":{\"name\":\"foxcom\",\"@id\":\"https:\\\/\\\/www.yegi.ch\\\/fr\\\/#\\\/schema\\\/person\\\/3e1b84ca392c91e476383462be9c9aeb\"},\"headline\":\"Prendre soin de nos pieds\",\"datePublished\":\"2022-08-17T07:53:08+00:00\",\"dateModified\":\"2023-02-17T10:23:51+00:00\",\"mainEntityOfPage\":{\"@id\":\"https:\\\/\\\/www.yegi.ch\\\/fr\\\/prendre-soin-de-nos-pieds\\\/\"},\"wordCount\":190,\"publisher\":{\"@id\":\"https:\\\/\\\/www.yegi.ch\\\/fr\\\/#organization\"},\"articleSection\":[\"Soins des pieds\"],\"inLanguage\":\"fr-FR\"},{\"@type\":\"WebPage\",\"@id\":\"https:\\\/\\\/www.yegi.ch\\\/fr\\\/prendre-soin-de-nos-pieds\\\/\",\"url\":\"https:\\\/\\\/www.yegi.ch\\\/fr\\\/prendre-soin-de-nos-pieds\\\/\",\"name\":\"Prendre soin de nos pieds | YEGI\",\"isPartOf\":{\"@id\":\"https:\\\/\\\/www.yegi.ch\\\/fr\\\/#website\"},\"datePublished\":\"2022-08-17T07:53:08+00:00\",\"dateModified\":\"2023-02-17T10:23:51+00:00\",\"description\":\"La sant\u00e9 des pieds est malheureusement trop peu mise en avant. Les produits de soins des pieds YEGI permettent \u00e0 tes pieds de rester en bonne sant\u00e9.\",\"breadcrumb\":{\"@id\":\"https:\\\/\\\/www.yegi.ch\\\/fr\\\/prendre-soin-de-nos-pieds\\\/#breadcrumb\"},\"inLanguage\":\"fr-FR\",\"potentialAction\":[{\"@type\":\"ReadAction\",\"target\":[\"https:\\\/\\\/www.yegi.ch\\\/fr\\\/prendre-soin-de-nos-pieds\\\/\"]}]},{\"@type\":\"BreadcrumbList\",\"@id\":\"https:\\\/\\\/www.yegi.ch\\\/fr\\\/prendre-soin-de-nos-pieds\\\/#breadcrumb\",\"itemListElement\":[{\"@type\":\"ListItem\",\"position\":1,\"name\":\"Startseite\",\"item\":\"https:\\\/\\\/www.yegi.ch\\\/fr\\\/\"},{\"@type\":\"ListItem\",\"position\":2,\"name\":\"Prendre soin de nos pieds\"}]},{\"@type\":\"WebSite\",\"@id\":\"https:\\\/\\\/www.yegi.ch\\\/fr\\\/#website\",\"url\":\"https:\\\/\\\/www.yegi.ch\\\/fr\\\/\",\"name\":\"YEGI\",\"description\":\"\",\"publisher\":{\"@id\":\"https:\\\/\\\/www.yegi.ch\\\/fr\\\/#organization\"},\"potentialAction\":[{\"@type\":\"SearchAction\",\"target\":{\"@type\":\"EntryPoint\",\"urlTemplate\":\"https:\\\/\\\/www.yegi.ch\\\/fr\\\/?s={search_term_string}\"},\"query-input\":{\"@type\":\"PropertyValueSpecification\",\"valueRequired\":true,\"valueName\":\"search_term_string\"}}],\"inLanguage\":\"fr-FR\"},{\"@type\":\"Organization\",\"@id\":\"https:\\\/\\\/www.yegi.ch\\\/fr\\\/#organization\",\"name\":\"YEGI - Fusspflege mit Alpenkr\u00e4utern aus der Schweiz seit 1974\",\"url\":\"https:\\\/\\\/www.yegi.ch\\\/fr\\\/\",\"logo\":{\"@type\":\"ImageObject\",\"inLanguage\":\"fr-FR\",\"@id\":\"https:\\\/\\\/www.yegi.ch\\\/fr\\\/#\\\/schema\\\/logo\\\/image\\\/\",\"url\":\"https:\\\/\\\/www.yegi.ch\\\/wp-content\\\/uploads\\\/2022\\\/09\\\/flogo.svg\",\"contentUrl\":\"https:\\\/\\\/www.yegi.ch\\\/wp-content\\\/uploads\\\/2022\\\/09\\\/flogo.svg\",\"width\":113,\"height\":30,\"caption\":\"YEGI - Fusspflege mit Alpenkr\u00e4utern aus der Schweiz seit 1974\"},\"image\":{\"@id\":\"https:\\\/\\\/www.yegi.ch\\\/fr\\\/#\\\/schema\\\/logo\\\/image\\\/\"},\"sameAs\":[\"https:\\\/\\\/www.facebook.com\\\/yegi.fusspflege\"]},{\"@type\":\"Person\",\"@id\":\"https:\\\/\\\/www.yegi.ch\\\/fr\\\/#\\\/schema\\\/person\\\/3e1b84ca392c91e476383462be9c9aeb\",\"name\":\"foxcom\",\"sameAs\":[\"https:\\\/\\\/www.yegi.ch\"]}]}<\/script>\n<!-- \/ Yoast SEO plugin. -->","yoast_head_json":{"title":"Prendre soin de nos pieds | YEGI","description":"La sant\u00e9 des pieds est malheureusement trop peu mise en avant. Les produits de soins des pieds YEGI permettent \u00e0 tes pieds de rester en bonne sant\u00e9.","robots":{"index":"index","follow":"follow","max-snippet":"max-snippet:-1","max-image-preview":"max-image-preview:large","max-video-preview":"max-video-preview:-1"},"canonical":"https:\/\/www.yegi.ch\/fr\/prendre-soin-de-nos-pieds\/","og_locale":"fr_FR","og_type":"article","og_title":"Prendre soin de nos pieds | YEGI","og_description":"La sant\u00e9 des pieds est malheureusement trop peu mise en avant. Les produits de soins des pieds YEGI permettent \u00e0 tes pieds de rester en bonne sant\u00e9.","og_url":"https:\/\/www.yegi.ch\/fr\/prendre-soin-de-nos-pieds\/","og_site_name":"YEGI","article_publisher":"https:\/\/www.facebook.com\/yegi.fusspflege","article_published_time":"2022-08-17T07:53:08+00:00","article_modified_time":"2023-02-17T10:23:51+00:00","author":"foxcom","twitter_card":"summary_large_image","twitter_misc":{"\u00c9crit par":"foxcom","Dur\u00e9e de lecture estim\u00e9e":"1 minute"},"schema":{"@context":"https:\/\/schema.org","@graph":[{"@type":"Article","@id":"https:\/\/www.yegi.ch\/fr\/prendre-soin-de-nos-pieds\/#article","isPartOf":{"@id":"https:\/\/www.yegi.ch\/fr\/prendre-soin-de-nos-pieds\/"},"author":{"name":"foxcom","@id":"https:\/\/www.yegi.ch\/fr\/#\/schema\/person\/3e1b84ca392c91e476383462be9c9aeb"},"headline":"Prendre soin de nos pieds","datePublished":"2022-08-17T07:53:08+00:00","dateModified":"2023-02-17T10:23:51+00:00","mainEntityOfPage":{"@id":"https:\/\/www.yegi.ch\/fr\/prendre-soin-de-nos-pieds\/"},"wordCount":190,"publisher":{"@id":"https:\/\/www.yegi.ch\/fr\/#organization"},"articleSection":["Soins des pieds"],"inLanguage":"fr-FR"},{"@type":"WebPage","@id":"https:\/\/www.yegi.ch\/fr\/prendre-soin-de-nos-pieds\/","url":"https:\/\/www.yegi.ch\/fr\/prendre-soin-de-nos-pieds\/","name":"Prendre soin de nos pieds | YEGI","isPartOf":{"@id":"https:\/\/www.yegi.ch\/fr\/#website"},"datePublished":"2022-08-17T07:53:08+00:00","dateModified":"2023-02-17T10:23:51+00:00","description":"La sant\u00e9 des pieds est malheureusement trop peu mise en avant. Les produits de soins des pieds YEGI permettent \u00e0 tes pieds de rester en bonne sant\u00e9.","breadcrumb":{"@id":"https:\/\/www.yegi.ch\/fr\/prendre-soin-de-nos-pieds\/#breadcrumb"},"inLanguage":"fr-FR","potentialAction":[{"@type":"ReadAction","target":["https:\/\/www.yegi.ch\/fr\/prendre-soin-de-nos-pieds\/"]}]},{"@type":"BreadcrumbList","@id":"https:\/\/www.yegi.ch\/fr\/prendre-soin-de-nos-pieds\/#breadcrumb","itemListElement":[{"@type":"ListItem","position":1,"name":"Startseite","item":"https:\/\/www.yegi.ch\/fr\/"},{"@type":"ListItem","position":2,"name":"Prendre soin de nos pieds"}]},{"@type":"WebSite","@id":"https:\/\/www.yegi.ch\/fr\/#website","url":"https:\/\/www.yegi.ch\/fr\/","name":"YEGI","description":"","publisher":{"@id":"https:\/\/www.yegi.ch\/fr\/#organization"},"potentialAction":[{"@type":"SearchAction","target":{"@type":"EntryPoint","urlTemplate":"https:\/\/www.yegi.ch\/fr\/?s={search_term_string}"},"query-input":{"@type":"PropertyValueSpecification","valueRequired":true,"valueName":"search_term_string"}}],"inLanguage":"fr-FR"},{"@type":"Organization","@id":"https:\/\/www.yegi.ch\/fr\/#organization","name":"YEGI - Fusspflege mit Alpenkr\u00e4utern aus der Schweiz seit 1974","url":"https:\/\/www.yegi.ch\/fr\/","logo":{"@type":"ImageObject","inLanguage":"fr-FR","@id":"https:\/\/www.yegi.ch\/fr\/#\/schema\/logo\/image\/","url":"https:\/\/www.yegi.ch\/wp-content\/uploads\/2022\/09\/flogo.svg","contentUrl":"https:\/\/www.yegi.ch\/wp-content\/uploads\/2022\/09\/flogo.svg","width":113,"height":30,"caption":"YEGI - Fusspflege mit Alpenkr\u00e4utern aus der Schweiz seit 1974"},"image":{"@id":"https:\/\/www.yegi.ch\/fr\/#\/schema\/logo\/image\/"},"sameAs":["https:\/\/www.facebook.com\/yegi.fusspflege"]},{"@type":"Person","@id":"https:\/\/www.yegi.ch\/fr\/#\/schema\/person\/3e1b84ca392c91e476383462be9c9aeb","name":"foxcom","sameAs":["https:\/\/www.yegi.ch"]}]}},"_links":{"self":[{"href":"https:\/\/www.yegi.ch\/fr\/wp-json\/wp\/v2\/posts\/984","targetHints":{"allow":["GET"]}}],"collection":[{"href":"https:\/\/www.yegi.ch\/fr\/wp-json\/wp\/v2\/posts"}],"about":[{"href":"https:\/\/www.yegi.ch\/fr\/wp-json\/wp\/v2\/types\/post"}],"author":[{"embeddable":true,"href":"https:\/\/www.yegi.ch\/fr\/wp-json\/wp\/v2\/users\/1"}],"replies":[{"embeddable":true,"href":"https:\/\/www.yegi.ch\/fr\/wp-json\/wp\/v2\/comments?post=984"}],"version-history":[{"count":1,"href":"https:\/\/www.yegi.ch\/fr\/wp-json\/wp\/v2\/posts\/984\/revisions"}],"predecessor-version":[{"id":1005,"href":"https:\/\/www.yegi.ch\/fr\/wp-json\/wp\/v2\/posts\/984\/revisions\/1005"}],"wp:attachment":[{"href":"https:\/\/www.yegi.ch\/fr\/wp-json\/wp\/v2\/media?parent=984"}],"wp:term":[{"taxonomy":"category","embeddable":true,"href":"https:\/\/www.yegi.ch\/fr\/wp-json\/wp\/v2\/categories?post=984"}],"curies":[{"name":"wp","href":"https:\/\/api.w.org\/{rel}","templated":true}]}}